{"id":14528,"date":"2020-05-23T21:19:43","date_gmt":"2020-05-23T19:19:43","guid":{"rendered":"http:\/\/www.mhic.cat\/?p=14528"},"modified":"2020-05-23T21:19:43","modified_gmt":"2020-05-23T19:19:43","slug":"museos-y-covid-19","status":"publish","type":"post","link":"https:\/\/www.mhic.cat\/es\/museos-y-covid-19\/","title":{"rendered":"Museos y Covid-19"},"content":{"rendered":"<h1>Los museos ante la pandemia<\/h1>\n<h2>\u00bfC\u00f3mo est\u00e1 cambiando el contexto por los profesionales y por los p\u00fablicos de los museos?\u00bfQu\u00e9 recursos se est\u00e1n potenciando como respuesta?<\/h2>\n<h3>Generalitat de Catalunya<\/h3>\n<p>COVID-19. Recursos e informaci\u00f3n para el sector muse\u00edstico.<\/p>\n<p>El confinamiento derivado de la pandemia de la COVID-19 est\u00e1 teniendo afectaciones en la actividad cultural, social y econ\u00f3mica de todo el sector muse\u00edstico. En este apartado os facilitamos informaci\u00f3n que os puede ser de utilidad en este nuevo y cambiante contexto.<\/p>\n<p><a href=\"https:\/\/cultura.gencat.cat\/ca\/temes\/museus\/\">https:\/\/cultura.gencat.cat\/ca\/temes\/museus\/<\/a><\/p>\n<p>&nbsp;<\/p>\n<h3>Lo Observatorio de Museos de Espa\u00f1a<\/h3>\n<p>Los museos ante lo coronavirus, Encuestas y estudios que se est\u00e1n haciendo, espec\u00edficos para museos y para sus profesionales.<\/p>\n<p><a href=\"http:\/\/ww.culturaydeporte.gob.es\/observatorio-museos-espana\/museos-coronavirus.html\">http:\/\/ww.culturaydeporte.gob.es\/observatorio-museos-espana\/museos-coronavirus.html<\/a><\/p>\n<p>&nbsp;<\/p>\n<h3>Visitmuseum<\/h3>\n<p>El patrimonio cultural y art\u00edstico de los museos de Catalu\u00f1a en l\u00ednea, al Visitmuseum!<\/p>\n<p>Pod\u00e9is escuchar desde la web las audiogu\u00edas disponibles, en varios idiomas (catal\u00e1n, occitano aran\u00e9s, castellano, ingl\u00e9s y franc\u00e9s).<\/p>\n<p><a href=\"https:\/\/visitmuseum.gencat.cat\/ca\/\">https:\/\/visitmuseum.gencat.cat\/ca\/<\/a><\/p>\n<h3>Servei de Museus<\/h3>\n<p>En el marco del D\u00eda Internacional de los Museos 2020, el Departamento de Cultura organiza este ciclo de cinco conversaciones virtuales en que profesionales de los museos y otros \u00e1mbitos de la sociedad reflexionar\u00e1n sobre el rol que pueden jugar los museos en el nuevo contexto generado por crisis sanitaria de la COVID-19. 19 y 20 de mayo.<\/p>\n<p>Programa: <a href=\"http:\/\/patrimoni.gencat.cat\/ca\/dim2020\/professionals\">http:\/\/patrimoni.gencat.cat\/ca\/dim2020\/professionals<\/a><\/p>\n<p><iframe title=\"MUSEUS I INCLUSI\u00d3 - ELS MUSEUS EN TEMPS DE LA COVID-19\" width=\"840\" height=\"473\" src=\"https:\/\/www.youtube.com\/embed\/YqVUGBBAhvs?feature=oembed&#038;width=840&#038;height=1000&#038;discover=1\" frameborder=\"0\" allow=\"accelerometer; autoplay; clipboard-write; encrypted-media; gyroscope; picture-in-picture; web-share\" allowfullscreen><\/iframe><\/p>\n","protected":false},"excerpt":{"rendered":"<p>Los museos ante la pandemia \u00bfC\u00f3mo est\u00e1 cambiando el contexto por los profesionales y por los p\u00fablicos de los museos?\u00bfQu\u00e9 [&hellip;]<\/p>\n","protected":false},"author":2,"featured_media":14521,"comment_status":"closed","ping_status":"open","sticky":false,"template":"","format":"standard","meta":{"footnotes":""},"categories":[],"tags":[],"acf":[],"_links":{"self":[{"href":"https:\/\/www.mhic.cat\/es\/wp-json\/wp\/v2\/posts\/14528"}],"collection":[{"href":"https:\/\/www.mhic.cat\/es\/wp-json\/wp\/v2\/posts"}],"about":[{"href":"https:\/\/www.mhic.cat\/es\/wp-json\/wp\/v2\/types\/post"}],"author":[{"embeddable":true,"href":"https:\/\/www.mhic.cat\/es\/wp-json\/wp\/v2\/users\/2"}],"replies":[{"embeddable":true,"href":"https:\/\/www.mhic.cat\/es\/wp-json\/wp\/v2\/comments?post=14528"}],"version-history":[{"count":0,"href":"https:\/\/www.mhic.cat\/es\/wp-json\/wp\/v2\/posts\/14528\/revisions"}],"wp:featuredmedia":[{"embeddable":true,"href":"https:\/\/www.mhic.cat\/es\/wp-json\/wp\/v2\/media\/14521"}],"wp:attachment":[{"href":"https:\/\/www.mhic.cat\/es\/wp-json\/wp\/v2\/media?parent=14528"}],"wp:term":[{"taxonomy":"category","embeddable":true,"href":"https:\/\/www.mhic.cat\/es\/wp-json\/wp\/v2\/categories?post=14528"},{"taxonomy":"post_tag","embeddable":true,"href":"https:\/\/www.mhic.cat\/es\/wp-json\/wp\/v2\/tags?post=14528"}],"curies":[{"name":"wp","href":"https:\/\/api.w.org\/{rel}","templated":true}]}}