{"id":14984,"date":"2020-11-09T21:48:40","date_gmt":"2020-11-09T20:48:40","guid":{"rendered":"http:\/\/www.mhic.cat\/la-memoria-de-los-otros-casa-america\/"},"modified":"2020-11-09T21:48:40","modified_gmt":"2020-11-09T20:48:40","slug":"la-memoria-de-los-otros-casa-america","status":"publish","type":"post","link":"https:\/\/www.mhic.cat\/es\/la-memoria-de-los-otros-casa-america\/","title":{"rendered":"La Memoria de los Otros, Casa America"},"content":{"rendered":"<h1>MhiC Recomienda<\/h1>\n<h2>Jornadas virtuales sobre Memoria Hist\u00f3rica y Cultura de Paz<br \/>\n16- 20 Noviembre 2020<\/h2>\n<h4><strong>Informaci\u00f3 publicada en la <a href=\"https:\/\/www.americat.barcelona\/ca\/casa-america-catalunya-organitza-la-memoria-dels-altres--jornades-virtuals-iberoamericanes-sobre-memoria-historica-i-cultura-de-pau\">web de Casa America Catalunya.<\/a><\/strong><\/h4>\n<h4><strong>\u00abCasa Am\u00e8rica Catalunya organiza <em>La Memoria de los Otros<\/em>, encuentro internacional que, por vez primera en Europa, re\u00fane a expertos y responsables de diferentes centros muse\u00edsticos iberoamericanos que trabajan temas de memoria, cultura de paz, reparaci\u00f3n y justicia.<\/strong><\/h4>\n<p>Las sesiones se llevar\u00e1n a cabo de manera virtual del 17 al 20 de noviembre y, al margen de las mesas de debate, las jornadas contar\u00e1n con otras actividades que abordar\u00e1n estos contenidos desde el cine, el teatro y la literatura.<\/p>\n<p><em>\u201cLos derechos a la memoria, la verdad y la justicia deben defenderse como lo que son: valores inalienables para toda sociedad verdaderamente democr\u00e1tica\u201d<\/em>, Gustavo Meo\u00f1o*<\/p>\n<p>\u00bfPor qu\u00e9 son necesarios los museos de la Memoria? \u00bfQu\u00e9 se conserva y qu\u00e9 se margina? \u00bfQu\u00e9 relaci\u00f3n hay entre verdad y Memoria? \u00bfC\u00f3mo conviven la creatividad y la imaginaci\u00f3n con los relatos de Memoria(s) y verdad? \u00bfC\u00f3mo trasladar a las nuevas generaciones que la Memoria hist\u00f3rica no es solo cosa del pasado? Responder\u00e1n a estas y otras cuestiones m\u00e1s de una veintena de expertos diversos y a responsables de diferentes centros muse\u00edsticos iberoamericanos entre los que figurar\u00e1n <a href=\"https:\/\/lamemoriadelsaltres.com\/carlos-henriquez-consalvi\/\"><strong>Carlos Henr\u00edquez<\/strong><\/a>, director del Museo de la Palabra y de la Imagen de El Salvador y fundador de Radio Venceremos; *<a href=\"https:\/\/lamemoriadelsaltres.com\/gustavo-meono\/\"><strong>Gustavo Meo\u00f1o<\/strong><\/a>, coordinador del \u00c1rea de Memoria y Derechos Humanos de la Fundaci\u00f3n para la Democracia de Rosario, Argentina, y coordinador del Archivo Hist\u00f3rico de la Polic\u00eda Nacional de Guatemala entre 2005 y 2018; <a href=\"https:\/\/lamemoriadelsaltres.com\/veronica-torras\/\"><strong>Ver\u00f3nica Torras<\/strong><\/a>, directora ejecutiva de Memoria Abierta (Argentina), organizaci\u00f3n que coordina la Red de Sitios de Memoria Latinoamericanos y Caribe\u00f1os \u2013 RESLAC; <a href=\"https:\/\/lamemoriadelsaltres.com\/maria-luisa-ortiz\/\"><strong>Mar\u00eda Luisa Ortiz<\/strong><\/a>, jefa de Colecciones e Investigaci\u00f3n del Museo de la Memoria y de los Derechos Humanos de Santiago de Chile; y <strong>Emilio Silva Barrera<\/strong>, fundador de la Asociaci\u00f3n para la Recuperaci\u00f3n de la Memoria Hist\u00f3rica (Espa\u00f1a), por mencionar algunos.<\/p>\n<p>Para dar comienzo a la semana, <em><strong>La Memoria de los Otros<\/strong><\/em> contar\u00e1 con <strong>Yuyachkani<\/strong>, grupo cultural considerado como uno de los m\u00e1ximos exponentes del tetro peruano y latinoamericano, reconocido por su contribuci\u00f3n al desarrollo y fortalecimiento de la memoria ciudadana. El <strong>lunes 16 de noviembre<\/strong> podremos disfrutar online de la presentaci\u00f3n de una de sus obras principales, <strong><a href=\"https:\/\/lamemoriadelsaltres.com\/adios-ayacucho-2\/\"><em>Adi\u00f3s, Ayacucho<\/em><\/a><\/strong>, tras la cual se abrir\u00e1 un <a href=\"https:\/\/lamemoriadelsaltres.com\/adios-ayacucho-2\/\"><strong>coloquio<\/strong><\/a> entre miembros de la compa\u00f1\u00eda y Francesc Casades\u00fas, director del Festival Grec, para compartir los detalles de esta obra y de la trayectoria de Yuyachkani.<\/p>\n<p><strong><em>La Memoria de los Otros<\/em><\/strong> nace con el objetivo de aportar reflexiones que, por ejemplo, profundicen en estrategias de paz y convivencia, incentiven f\u00f3rmulas para atraer el inter\u00e9s de las j\u00f3venes generaciones, y permitan compartir experiencias y puntos de vista. Las jornadas tambi\u00e9n apuestan por la necesaria mirada democr\u00e1tica que, en tiempos de incertidumbre y p\u00e9rdida de derechos fundamentales en algunas partes del mundo, conviene difundir para contribuir en el fortalecimiento de principios incuestionables.<\/p>\n<p>Las jornadas <strong><em>La Memoria de los Otros<\/em><\/strong> se organiza cuentan con el apoyo de la <strong><a href=\"https:\/\/www.diba.cat\/\">Diputaci\u00f3n de Barcelona<\/a><\/strong>. Este proyecto se enmarca en la programaci\u00f3n habitual de Casa Am\u00e8rica Catalunya, volcada en la cultura latinoamericana y caribe\u00f1a siempre con un sesgo enfocado en la defensa de los derechos humanos y el impulso de una ciudadan\u00eda cr\u00edtica. A lo largo de los \u00faltimos quince a\u00f1os la instituci\u00f3n ha trabajado en diferentes formatos culturales el tema de la memoria en Am\u00e9rica Latina y el Caribe, destacando exposiciones con itinerancias internacionales como <strong><em>Ausencias<\/em><\/strong>, del fot\u00f3grafo argentino <strong>Gustavo Germano<\/strong>. Con estas jornadas Casa Am\u00e8rica Catalunya pretende poner el foco en el espacio del museo como lugar de reflexi\u00f3n y convivencia para la mejora del futuro de la sociedad.<\/p>\n<p><strong>Programa, lista completa de participantes y enlaces para seguir las sesiones en <a href=\"https:\/\/lamemoriadelsaltres.com\/\">www.lamemoriadelsaltres.com<\/a>.\u00bb<\/strong><\/p>\n<p><strong>Foto de portada: Jorge Panchoaga, de la exposici\u00f3n <em>Dulce y salada<\/em><\/strong><strong>.<\/strong><\/p>\n","protected":false},"excerpt":{"rendered":"<p>MhiC Recomienda Jornadas virtuales sobre Memoria Hist\u00f3rica y Cultura de Paz 16- 20 Noviembre 2020 Informaci\u00f3 publicada en la web [&hellip;]<\/p>\n","protected":false},"author":2,"featured_media":14978,"comment_status":"closed","ping_status":"open","sticky":false,"template":"","format":"standard","meta":{"footnotes":""},"categories":[],"tags":[],"acf":[],"_links":{"self":[{"href":"https:\/\/www.mhic.cat\/es\/wp-json\/wp\/v2\/posts\/14984"}],"collection":[{"href":"https:\/\/www.mhic.cat\/es\/wp-json\/wp\/v2\/posts"}],"about":[{"href":"https:\/\/www.mhic.cat\/es\/wp-json\/wp\/v2\/types\/post"}],"author":[{"embeddable":true,"href":"https:\/\/www.mhic.cat\/es\/wp-json\/wp\/v2\/users\/2"}],"replies":[{"embeddable":true,"href":"https:\/\/www.mhic.cat\/es\/wp-json\/wp\/v2\/comments?post=14984"}],"version-history":[{"count":0,"href":"https:\/\/www.mhic.cat\/es\/wp-json\/wp\/v2\/posts\/14984\/revisions"}],"wp:featuredmedia":[{"embeddable":true,"href":"https:\/\/www.mhic.cat\/es\/wp-json\/"}],"wp:attachment":[{"href":"https:\/\/www.mhic.cat\/es\/wp-json\/wp\/v2\/media?parent=14984"}],"wp:term":[{"taxonomy":"category","embeddable":true,"href":"https:\/\/www.mhic.cat\/es\/wp-json\/wp\/v2\/categories?post=14984"},{"taxonomy":"post_tag","embeddable":true,"href":"https:\/\/www.mhic.cat\/es\/wp-json\/wp\/v2\/tags?post=14984"}],"curies":[{"name":"wp","href":"https:\/\/api.w.org\/{rel}","templated":true}]}}