{"id":15145,"date":"2020-12-27T19:11:16","date_gmt":"2020-12-27T18:11:16","guid":{"rendered":"http:\/\/www.mhic.cat\/comunicacion-medidas-covid\/"},"modified":"2020-12-27T19:11:16","modified_gmt":"2020-12-27T18:11:16","slug":"comunicacion-medidas-covid","status":"publish","type":"post","link":"https:\/\/www.mhic.cat\/es\/comunicacion-medidas-covid\/","title":{"rendered":"Comunicaci\u00f3n medidas covid"},"content":{"rendered":"<h3>Informaci\u00f3n actualizada: mayo 2021<\/h3>\n<p>Queridos usuarios,<\/p>\n<p>En base de las nuevas medidas adoptadas por el Gobierno en relaci\u00f3n a la crisis sanitaria RESOLUCI\u00d3N SLT\/2700\/2020, del 29 de octubre, por la cual se prorrogan y se modifican las medidas en materia de salud p\u00fablica para la contenci\u00f3n del brote epid\u00e9mico de la pandemia de COVID-19 en el territorio de Catalu\u00f1a. Se ha establecido en su punto 9.2 de la Resoluci\u00f3n:<\/p>\n<p>\u00abLos archivos, museos, salas de exposiciones, galer\u00edas de arte y centros de creaci\u00f3n y artes visuales permanecen abiertos y limitan el aforo al 33% del autorizado. En ning\u00fan caso, en estos espacios se pueden organizar otras actividades culturales con asistencia de p\u00fablico.\u00bb<\/p>\n<p><strong>Os comunicamos que:<\/strong><\/p>\n<ul>\n<li>El MhiC seguir\u00e1 dando servicio y continuidad a las actividades ya programadas en el \u00e1mbito educativo: contin\u00faas los proyectos ya iniciados con escuelas, centros de educaci\u00f3n de adultos y centros de tutela de menores, como lo hemos estado haciendo hasta ahora.<\/li>\n<li>El aforo tal y como ya se ha establecido ser\u00e1 de grupos burbuja m\u00e1ximo 12 personas.<\/li>\n<li>Se mantendr\u00e1 el horario habitual de lunes a s\u00e1bado.<\/li>\n<\/ul>\n<p>Recomendamos a nuestros usuarios:<\/p>\n<ul>\n<li>Seguir las normas de forma estricta.<\/li>\n<li>Cuidarse y protegerse.<\/li>\n<li>Pod\u00e9is continuar con nosotros a trav\u00e9s de la web, las redes sociales y tambi\u00e9n el canal<a href=\"https:\/\/www.youtube.com\/user\/MhiCatalunya\"> YouTube Mhic.<\/a><\/li>\n<\/ul>\n<p>\t\t\t\t\t\t\t\tShare on facebook<br \/>\n\t\t\t\t\t\t\t\tShare on twitter<br \/>\n\t\t\t\t\t\t\t\tShare on email<br \/>\n\t\t\t\t\t\t\t\tShare on telegram<br \/>\n\t\t\t\t\t\t\t\tShare on whatsapp<\/p>\n","protected":false},"excerpt":{"rendered":"<p>Informaci\u00f3n actualizada: mayo 2021 Queridos usuarios, En base de las nuevas medidas adoptadas por el Gobierno en relaci\u00f3n a la [&hellip;]<\/p>\n","protected":false},"author":2,"featured_media":19065,"comment_status":"closed","ping_status":"open","sticky":false,"template":"","format":"standard","meta":{"footnotes":""},"categories":[],"tags":[],"acf":[],"_links":{"self":[{"href":"https:\/\/www.mhic.cat\/es\/wp-json\/wp\/v2\/posts\/15145"}],"collection":[{"href":"https:\/\/www.mhic.cat\/es\/wp-json\/wp\/v2\/posts"}],"about":[{"href":"https:\/\/www.mhic.cat\/es\/wp-json\/wp\/v2\/types\/post"}],"author":[{"embeddable":true,"href":"https:\/\/www.mhic.cat\/es\/wp-json\/wp\/v2\/users\/2"}],"replies":[{"embeddable":true,"href":"https:\/\/www.mhic.cat\/es\/wp-json\/wp\/v2\/comments?post=15145"}],"version-history":[{"count":0,"href":"https:\/\/www.mhic.cat\/es\/wp-json\/wp\/v2\/posts\/15145\/revisions"}],"wp:featuredmedia":[{"embeddable":true,"href":"https:\/\/www.mhic.cat\/es\/wp-json\/wp\/v2\/media\/19065"}],"wp:attachment":[{"href":"https:\/\/www.mhic.cat\/es\/wp-json\/wp\/v2\/media?parent=15145"}],"wp:term":[{"taxonomy":"category","embeddable":true,"href":"https:\/\/www.mhic.cat\/es\/wp-json\/wp\/v2\/categories?post=15145"},{"taxonomy":"post_tag","embeddable":true,"href":"https:\/\/www.mhic.cat\/es\/wp-json\/wp\/v2\/tags?post=15145"}],"curies":[{"name":"wp","href":"https:\/\/api.w.org\/{rel}","templated":true}]}}